{"id":1452,"date":"2024-12-18T14:16:14","date_gmt":"2024-12-18T13:16:14","guid":{"rendered":"https:\/\/conferencedustage-aac.com\/?p=1452"},"modified":"2024-12-18T17:24:26","modified_gmt":"2024-12-18T16:24:26","slug":"cinquieme-seance-du-premier-tour-lundi-16-decembre-2024","status":"publish","type":"post","link":"https:\/\/conferencedustage-aac.com\/index.php\/2024\/12\/18\/cinquieme-seance-du-premier-tour-lundi-16-decembre-2024\/","title":{"rendered":"Cinqui\u00e8me s\u00e9ance du premier tour &#8211; lundi 16 d\u00e9cembre 2024"},"content":{"rendered":"\n<p><meta charset=\"utf-8\"><em>B\u00e9r\u00e9nice, <\/em>mise en sc\u00e8ne par Romeo Castellucci, Paris, Th\u00e9\u00e2tre de la Ville, 2024<\/p>\n\n\n\n<p><\/p>\n\n\n\n<p>\u00ab\u00a0H\u00e9las !\u00a0\u00bb <em>B\u00e9r\u00e9nice, <\/em>Acte V, sc\u00e8ne 6, Jean Racine, 1670<\/p>\n\n\n\n<p><\/p>\n\n\n\n<p>Le lundi 16 d\u00e9cembre 2024, la Conf\u00e9rence du stage des avocats au Conseil d\u2019\u00c9tat et \u00e0 la Cour de cassation s\u2019est r\u00e9unie sous la pr\u00e9sidence de M. Thomas Lyon-Caen, pr\u00e9sident de l\u2019Ordre, assist\u00e9 de M. Pierre Heuz\u00e9, Mme C\u00e9line Gauthier-Maxence, M. Augustin de Cr\u00e9cy et M. \u00c9mile Lansade, secr\u00e9taires.&nbsp;<\/p>\n\n\n\n<p>&nbsp;&nbsp;&nbsp;&nbsp;&nbsp;&nbsp;&nbsp;&nbsp;&nbsp;&nbsp;&nbsp;&nbsp;&nbsp;&nbsp;La question \u00e0 d\u00e9battre \u00e9tait la suivante&nbsp;:&nbsp;<\/p>\n\n\n\n<p>\u00ab&nbsp;<em>Est il exclu qu\u2019un salari\u00e9 exer\u00e7ant des fonctions de direction, charg\u00e9 de la gestion des ressources humaines et pr\u00e9sidant les diff\u00e9rentes institutions repr\u00e9sentatives du personnel en lieu et place du dirigeant de la soci\u00e9t\u00e9, commette une faute de nature \u00e0 justifier un licenciement disciplinaire en s\u2019abstenant de r\u00e9v\u00e9ler \u00e0 son employeur la relation intime entretenue avec un autre salari\u00e9 exer\u00e7ant des mandats de repr\u00e9sentation syndicale et de repr\u00e9sentation du personnel ?&nbsp;<\/em>\u00bb.<\/p>\n\n\n\n<p>Mme Julia Rechtman et M.&nbsp;C\u00f4me Blandin, premier et second demandeurs, ont r\u00e9pondu par l\u2019affirmative.<\/p>\n\n\n\n<p>M. Diego Bouissou-Sch\u00fcller et Mme Marie Hue, premier et second d\u00e9fendeurs, ont r\u00e9pondu par la n\u00e9gative.<\/p>\n\n\n\n<p>Mme Nina Dianteil minist\u00e8re public, s\u2019est prononc\u00e9 par la n\u00e9gative.<\/p>\n\n\n\n<p>&nbsp;&nbsp;&nbsp;&nbsp;&nbsp;&nbsp;&nbsp;&nbsp;&nbsp;&nbsp;&nbsp;&nbsp;&nbsp;&nbsp;La Conf\u00e9rence, apr\u00e8s le rapport de M. Pierre Heuz\u00e9, premier secr\u00e9taire,&nbsp;s\u2019est prononc\u00e9e par l\u2019affirmative par 19 voix contre 8, d\u00e9sapprouvant ainsi la solution consacr\u00e9e par la Cour de cassation le 29 mai 2024.<\/p>\n","protected":false},"excerpt":{"rendered":"<p>\u00ab\u00a0H\u00e9las !\u00a0\u00bb B\u00e9r\u00e9nice, Acte V, sc\u00e8ne 6, Jean Racine, 1670<\/p>\n","protected":false},"author":2,"featured_media":1453,"comment_status":"open","ping_status":"open","sticky":false,"template":"","format":"standard","meta":[],"categories":[7],"tags":[],"_links":{"self":[{"href":"https:\/\/conferencedustage-aac.com\/index.php\/wp-json\/wp\/v2\/posts\/1452"}],"collection":[{"href":"https:\/\/conferencedustage-aac.com\/index.php\/wp-json\/wp\/v2\/posts"}],"about":[{"href":"https:\/\/conferencedustage-aac.com\/index.php\/wp-json\/wp\/v2\/types\/post"}],"author":[{"embeddable":true,"href":"https:\/\/conferencedustage-aac.com\/index.php\/wp-json\/wp\/v2\/users\/2"}],"replies":[{"embeddable":true,"href":"https:\/\/conferencedustage-aac.com\/index.php\/wp-json\/wp\/v2\/comments?post=1452"}],"version-history":[{"count":5,"href":"https:\/\/conferencedustage-aac.com\/index.php\/wp-json\/wp\/v2\/posts\/1452\/revisions"}],"predecessor-version":[{"id":1465,"href":"https:\/\/conferencedustage-aac.com\/index.php\/wp-json\/wp\/v2\/posts\/1452\/revisions\/1465"}],"wp:featuredmedia":[{"embeddable":true,"href":"https:\/\/conferencedustage-aac.com\/index.php\/wp-json\/wp\/v2\/media\/1453"}],"wp:attachment":[{"href":"https:\/\/conferencedustage-aac.com\/index.php\/wp-json\/wp\/v2\/media?parent=1452"}],"wp:term":[{"taxonomy":"category","embeddable":true,"href":"https:\/\/conferencedustage-aac.com\/index.php\/wp-json\/wp\/v2\/categories?post=1452"},{"taxonomy":"post_tag","embeddable":true,"href":"https:\/\/conferencedustage-aac.com\/index.php\/wp-json\/wp\/v2\/tags?post=1452"}],"curies":[{"name":"wp","href":"https:\/\/api.w.org\/{rel}","templated":true}]}}