{"id":1537,"date":"2025-04-28T11:56:27","date_gmt":"2025-04-28T09:56:27","guid":{"rendered":"https:\/\/conferencedustage-aac.com\/?p=1537"},"modified":"2025-07-25T19:30:51","modified_gmt":"2025-07-25T17:30:51","slug":"resultats-du-premier-tour","status":"publish","type":"post","link":"https:\/\/conferencedustage-aac.com\/index.php\/2025\/04\/28\/resultats-du-premier-tour\/","title":{"rendered":"R\u00e9sultats du premier tour"},"content":{"rendered":"\n<p>Monsieur <a href=\"https:\/\/www.linkedin.com\/in\/ACoAAEEayzQBYanKIefeRRZ_GG2hY7q0vO_Gg9w\"><\/a>Thomas Lyon-Caen, pr\u00e9sident de l&rsquo;Ordre des Avocats au Conseil d&rsquo;\u00c9tat et \u00e0 la Cour de cassation et les <a href=\"https:\/\/www.linkedin.com\/in\/ACoAACjL1DkBe94NK6Asadh7ovhToQohbBXrRns\"><\/a>Secr\u00e9taires de la Conf\u00e9rence des avocats aux Conseils, <a href=\"https:\/\/www.linkedin.com\/in\/ACoAAFg6lMQBJsvAknxRziwtXpF3SS-FN9mBTCk\"><\/a>Pierre Heuz\u00e9, <a href=\"https:\/\/www.linkedin.com\/in\/ACoAAB1JeSwB9w7YqiPNvdUqYsV9WGpMHY66bvQ\"><\/a>C\u00e9line Gauthier-Maxence, <a href=\"https:\/\/www.linkedin.com\/in\/ACoAADDRagQB-ZVd3zxhiNZbCwuIv6F_Oh3HX2E\"><\/a>Emile Lansade et <a href=\"https:\/\/www.linkedin.com\/in\/ACoAACBjUt4BzKSxxQyrRzI1TiuQ-LihypaULn4\"><\/a>Augustin de Cr\u00e9cy, remercient \u00e0 nouveau monsieur Samuel Aparisi, avocat g\u00e9n\u00e9ral r\u00e9f\u00e9rendaire pr\u00e8s la Cour de cassation qui a proclam\u00e9 le 7 avril dernier les r\u00e9sultats du premier tour et proc\u00e9d\u00e9 au tirage au sort des sujets du deuxi\u00e8me tour.<br><br>Les 12 candidats admis \u00e0 participer au deuxi\u00e8me tour sont (par ordre alphab\u00e9tique) :<br><br>\u2022 Monsieur Diego Bouissou-Schuller<br>\u2022 Madame Nina Dianteill<br>\u2022 Madame Philippine Flouriot<br>\u2022 Monsieur James Goldnadel<br>\u2022 Monsieur Ruben Izraelewicz<br>\u2022 Monsieur Stanislas Julien-Steffens<br>\u2022 Madaure Aur\u00e9lie Lambert<br>\u2022 Madame C\u00e9cile Pose<br>\u2022 Madame Julia Rechtman<br>\u2022 Monsieur Esteban Renaud<br>\u2022 Monsieur Ianis Tamoud<br>\u2022 Monsieur Ronan Vall\u00e9rie<br><br>Celui-ci se tiendra le 5 mai 2025 \u00e0 partir de 10h00 dans les locaux de l\u2019ordre et portera sur les sujets suivants :<\/p>\n\n\n\n<p><strong>DROIT CIVIL<\/strong>&nbsp;<\/p>\n\n\n\n<p>\u00ab\u00a0<em>La d\u00e9cision de justice qui retient que le refus de se soumettre au devoir<br>conjugal constitue une faute de nature \u00e0 justifier le divorce aux torts de<br>l\u2019\u00e9poux r\u00e9calcitrant m\u00e9connait-elle le droit \u00e0 la vie priv\u00e9e tel qu\u2019il est<br>garanti par l\u2019article 8 de la Convention europ\u00e9enne de sauvegarde des<br>droits de l\u2019homme et des libert\u00e9s fondamentales ?<\/em>\u00ab\u00a0<\/p>\n\n\n\n<p>CEDH, 23 janvier 2025, H.W. c. France, req. n\u00b0 13805\/21<\/p>\n\n\n\n<p>Demandeur : Ruben Izraelewicz<\/p>\n\n\n\n<p>D\u00e9fendeur : Esteban Renaud<\/p>\n\n\n\n<p>Minist\u00e8re Public : Aur\u00e9lie Lambert&nbsp;<\/p>\n\n\n\n<p><\/p>\n\n\n\n<p><strong>DROIT PUBLIC<\/strong><\/p>\n\n\n\n<p>\u00ab\u00a0<em>Les dispositions de l\u2019article L. 413-11 du code de l\u2019environnement, en tant qu\u2019elles<br>r\u00e9gissent la pr\u00e9sentation au public d\u2019animaux d\u2019esp\u00e8ces non domestiques \u00e0 des fins<br>de divertissement, sont-elles contraires \u00e0 un principe de dignit\u00e9 de tous les \u00eatres<br>vivants dou\u00e9s de sensibilit\u00e9 qui d\u00e9coulerait du principe de sauvegarde de la dignit\u00e9 de<br>la personne humaine garanti par le Pr\u00e9ambule de la Constitution de 1946 ?<\/em>\u00ab\u00a0<br>C. const., d\u00e9cision n\u00b0 2024-1121 QPC du 14 f\u00e9vrier 2025<\/p>\n\n\n\n<p>Demandeur : Nina Dianteil<\/p>\n\n\n\n<p>D\u00e9fendeur : James Goldnadel<\/p>\n\n\n\n<p>Minist\u00e8re Public : Philippine Flouriot<\/p>\n\n\n\n<p><\/p>\n\n\n\n<p><strong>DROIT PENAL <\/strong><\/p>\n\n\n\n<p>\u00ab\u00a0Le fait d&rsquo;imputer \u00e0 la partie civile, sur un site internet, d&rsquo;avoir commis<br>les faits pour lesquels elle a \u00e9t\u00e9 condamn\u00e9e en application des r\u00e8gles de<br>la charia constitue-t-il une diffamation publique envers une personne \u00e0<br>raison de l&rsquo;origine, de l&rsquo;ethnie, la nation, la race ou la religion,<br>incrimin\u00e9e aux articles 29 et 32, alin\u00e9a 2, de la loi du 29 juillet 1881 sur<br>la libert\u00e9 de la presse ?\u00a0\u00bb<\/p>\n\n\n\n<p>Cass. crim., 13 novembre 2024, n\u00b0 23-81.810<\/p>\n\n\n\n<p>Demandeur : C\u00e9cile Pose<\/p>\n\n\n\n<p>D\u00e9fendeur : Ianis Tamoud<\/p>\n\n\n\n<p>Minist\u00e8re Public : Ronan Vallerie&nbsp;<\/p>\n\n\n\n<p><\/p>\n\n\n\n<p><strong>DROIT COMMERCIAL<\/strong><\/p>\n\n\n\n<p>\u00ab\u00a0<em>Est-il exclu qu\u2019une soci\u00e9t\u00e9 par action simplifi\u00e9e puisse valablement adopter une d\u00e9cision collective d\u2019associ\u00e9s sans r\u00e9unir au moins la majorit\u00e9 des voix exprim\u00e9es ?<\/em>\u00ab\u00a0<\/p>\n\n\n\n<p>Cass. ass. pl\u00e9n. 15 novembre 2024, pourvoi n\u00b0 23-16.670<\/p>\n\n\n\n<p>Demandeur : Diego Boissou-Sch\u00fcller<\/p>\n\n\n\n<p>D\u00e9fendeur : Stanislas Julien Steffens<\/p>\n\n\n\n<p>Minist\u00e8re Public : Julia Rechtman<\/p>\n\n\n\n<p><br><br>Pour y assister, inscription obligatoire sur <a href=\"https:\/\/lnkd.in\/eifjcErZ\">https:\/\/lnkd.in\/eifjcErZ<\/a><\/p>\n\n\n\n<p><\/p>\n\n\n\n<figure class=\"wp-block-image size-large\"><img loading=\"lazy\" width=\"1024\" height=\"683\" src=\"https:\/\/conferencedustage-aac.com\/wp-content\/uploads\/2025\/04\/DSC00053-1-1024x683.jpg\" alt=\"\" class=\"wp-image-1542\" srcset=\"https:\/\/conferencedustage-aac.com\/wp-content\/uploads\/2025\/04\/DSC00053-1-1024x683.jpg 1024w, https:\/\/conferencedustage-aac.com\/wp-content\/uploads\/2025\/04\/DSC00053-1-300x200.jpg 300w, https:\/\/conferencedustage-aac.com\/wp-content\/uploads\/2025\/04\/DSC00053-1-768x512.jpg 768w, https:\/\/conferencedustage-aac.com\/wp-content\/uploads\/2025\/04\/DSC00053-1-1536x1024.jpg 1536w, https:\/\/conferencedustage-aac.com\/wp-content\/uploads\/2025\/04\/DSC00053-1.jpg 2048w\" sizes=\"(max-width: 1024px) 100vw, 1024px\" \/><\/figure>\n","protected":false},"excerpt":{"rendered":"<p>R\u00e9sultats du premier tour de la Conf\u00e9rence <\/p>\n","protected":false},"author":2,"featured_media":1543,"comment_status":"open","ping_status":"open","sticky":false,"template":"","format":"standard","meta":[],"categories":[7],"tags":[],"_links":{"self":[{"href":"https:\/\/conferencedustage-aac.com\/index.php\/wp-json\/wp\/v2\/posts\/1537"}],"collection":[{"href":"https:\/\/conferencedustage-aac.com\/index.php\/wp-json\/wp\/v2\/posts"}],"about":[{"href":"https:\/\/conferencedustage-aac.com\/index.php\/wp-json\/wp\/v2\/types\/post"}],"author":[{"embeddable":true,"href":"https:\/\/conferencedustage-aac.com\/index.php\/wp-json\/wp\/v2\/users\/2"}],"replies":[{"embeddable":true,"href":"https:\/\/conferencedustage-aac.com\/index.php\/wp-json\/wp\/v2\/comments?post=1537"}],"version-history":[{"count":4,"href":"https:\/\/conferencedustage-aac.com\/index.php\/wp-json\/wp\/v2\/posts\/1537\/revisions"}],"predecessor-version":[{"id":1574,"href":"https:\/\/conferencedustage-aac.com\/index.php\/wp-json\/wp\/v2\/posts\/1537\/revisions\/1574"}],"wp:featuredmedia":[{"embeddable":true,"href":"https:\/\/conferencedustage-aac.com\/index.php\/wp-json\/wp\/v2\/media\/1543"}],"wp:attachment":[{"href":"https:\/\/conferencedustage-aac.com\/index.php\/wp-json\/wp\/v2\/media?parent=1537"}],"wp:term":[{"taxonomy":"category","embeddable":true,"href":"https:\/\/conferencedustage-aac.com\/index.php\/wp-json\/wp\/v2\/categories?post=1537"},{"taxonomy":"post_tag","embeddable":true,"href":"https:\/\/conferencedustage-aac.com\/index.php\/wp-json\/wp\/v2\/tags?post=1537"}],"curies":[{"name":"wp","href":"https:\/\/api.w.org\/{rel}","templated":true}]}}