{"id":1550,"date":"2025-05-16T18:44:20","date_gmt":"2025-05-16T16:44:20","guid":{"rendered":"https:\/\/conferencedustage-aac.com\/?p=1550"},"modified":"2025-07-25T19:32:09","modified_gmt":"2025-07-25T17:32:09","slug":"resultats-du-deuxieme-tour-et-sujet-de-la-finale-de-la-conference","status":"publish","type":"post","link":"https:\/\/conferencedustage-aac.com\/index.php\/2025\/05\/16\/resultats-du-deuxieme-tour-et-sujet-de-la-finale-de-la-conference\/","title":{"rendered":"R\u00e9sultats du deuxi\u00e8me tour et sujet de la finale de la Conf\u00e9rence"},"content":{"rendered":"\n<figure class=\"wp-block-image size-large\"><img loading=\"lazy\" width=\"683\" height=\"1024\" src=\"https:\/\/conferencedustage-aac.com\/wp-content\/uploads\/2025\/05\/DSC06570-Modifier-683x1024.jpg\" alt=\"\" class=\"wp-image-1551\" srcset=\"https:\/\/conferencedustage-aac.com\/wp-content\/uploads\/2025\/05\/DSC06570-Modifier-683x1024.jpg 683w, https:\/\/conferencedustage-aac.com\/wp-content\/uploads\/2025\/05\/DSC06570-Modifier-200x300.jpg 200w, https:\/\/conferencedustage-aac.com\/wp-content\/uploads\/2025\/05\/DSC06570-Modifier-768x1152.jpg 768w, https:\/\/conferencedustage-aac.com\/wp-content\/uploads\/2025\/05\/DSC06570-Modifier-1024x1536.jpg 1024w, https:\/\/conferencedustage-aac.com\/wp-content\/uploads\/2025\/05\/DSC06570-Modifier.jpg 1365w\" sizes=\"(max-width: 683px) 100vw, 683px\" \/><\/figure>\n\n\n\n<p><\/p>\n\n\n\n<p>Ce lundi 5 mai 2025, les douze candidats admis au deuxi\u00e8me tour de la Conf\u00e9rence se sont affront\u00e9s pour une place en finale.<\/p>\n\n\n\n<p>A l\u2019issue d\u2019une journ\u00e9e riche en discours de qualit\u00e9, les six candidats retenus sont (dans l\u2019ordre alphab\u00e9tique) :<\/p>\n\n\n\n<p>\u2022 Madame Nina Dianteill<\/p>\n\n\n\n<figure class=\"wp-block-image size-large\"><img loading=\"lazy\" width=\"683\" height=\"1024\" src=\"https:\/\/conferencedustage-aac.com\/wp-content\/uploads\/2025\/05\/DSC06612-Modifier-683x1024.jpg\" alt=\"\" class=\"wp-image-1555\" srcset=\"https:\/\/conferencedustage-aac.com\/wp-content\/uploads\/2025\/05\/DSC06612-Modifier-683x1024.jpg 683w, https:\/\/conferencedustage-aac.com\/wp-content\/uploads\/2025\/05\/DSC06612-Modifier-200x300.jpg 200w, https:\/\/conferencedustage-aac.com\/wp-content\/uploads\/2025\/05\/DSC06612-Modifier-768x1152.jpg 768w, https:\/\/conferencedustage-aac.com\/wp-content\/uploads\/2025\/05\/DSC06612-Modifier-1024x1536.jpg 1024w, https:\/\/conferencedustage-aac.com\/wp-content\/uploads\/2025\/05\/DSC06612-Modifier.jpg 1365w\" sizes=\"(max-width: 683px) 100vw, 683px\" \/><\/figure>\n\n\n\n<p><\/p>\n\n\n\n<p>\u2022 Monsieur Ruben Izraelewicz<\/p>\n\n\n\n<figure class=\"wp-block-image size-large\"><img loading=\"lazy\" width=\"683\" height=\"1024\" src=\"https:\/\/conferencedustage-aac.com\/wp-content\/uploads\/2025\/05\/DSC06616-Modifier-683x1024.jpg\" alt=\"\" class=\"wp-image-1556\" srcset=\"https:\/\/conferencedustage-aac.com\/wp-content\/uploads\/2025\/05\/DSC06616-Modifier-683x1024.jpg 683w, https:\/\/conferencedustage-aac.com\/wp-content\/uploads\/2025\/05\/DSC06616-Modifier-200x300.jpg 200w, https:\/\/conferencedustage-aac.com\/wp-content\/uploads\/2025\/05\/DSC06616-Modifier-768x1152.jpg 768w, https:\/\/conferencedustage-aac.com\/wp-content\/uploads\/2025\/05\/DSC06616-Modifier-1024x1536.jpg 1024w, https:\/\/conferencedustage-aac.com\/wp-content\/uploads\/2025\/05\/DSC06616-Modifier.jpg 1365w\" sizes=\"(max-width: 683px) 100vw, 683px\" \/><\/figure>\n\n\n\n<p><\/p>\n\n\n\n<p>\u2022 Monsieur Stanislas Julien-Steffens<\/p>\n\n\n\n<figure class=\"wp-block-image size-large\"><img loading=\"lazy\" width=\"683\" height=\"1024\" src=\"https:\/\/conferencedustage-aac.com\/wp-content\/uploads\/2025\/05\/DSC06593-Modifier-683x1024.jpg\" alt=\"\" class=\"wp-image-1554\" srcset=\"https:\/\/conferencedustage-aac.com\/wp-content\/uploads\/2025\/05\/DSC06593-Modifier-683x1024.jpg 683w, https:\/\/conferencedustage-aac.com\/wp-content\/uploads\/2025\/05\/DSC06593-Modifier-200x300.jpg 200w, https:\/\/conferencedustage-aac.com\/wp-content\/uploads\/2025\/05\/DSC06593-Modifier-768x1152.jpg 768w, https:\/\/conferencedustage-aac.com\/wp-content\/uploads\/2025\/05\/DSC06593-Modifier-1024x1536.jpg 1024w, https:\/\/conferencedustage-aac.com\/wp-content\/uploads\/2025\/05\/DSC06593-Modifier.jpg 1365w\" sizes=\"(max-width: 683px) 100vw, 683px\" \/><\/figure>\n\n\n\n<p><\/p>\n\n\n\n<p>\u2022 Madame Aur\u00e9lie Lambert<\/p>\n\n\n\n<figure class=\"wp-block-image size-large\"><img loading=\"lazy\" width=\"683\" height=\"1024\" src=\"https:\/\/conferencedustage-aac.com\/wp-content\/uploads\/2025\/05\/LAMBERT-683x1024.jpg\" alt=\"\" class=\"wp-image-1553\" srcset=\"https:\/\/conferencedustage-aac.com\/wp-content\/uploads\/2025\/05\/LAMBERT-683x1024.jpg 683w, https:\/\/conferencedustage-aac.com\/wp-content\/uploads\/2025\/05\/LAMBERT-200x300.jpg 200w, https:\/\/conferencedustage-aac.com\/wp-content\/uploads\/2025\/05\/LAMBERT-768x1152.jpg 768w, https:\/\/conferencedustage-aac.com\/wp-content\/uploads\/2025\/05\/LAMBERT-1024x1536.jpg 1024w, https:\/\/conferencedustage-aac.com\/wp-content\/uploads\/2025\/05\/LAMBERT.jpg 1365w\" sizes=\"(max-width: 683px) 100vw, 683px\" \/><\/figure>\n\n\n\n<p><\/p>\n\n\n\n<p>\u2022 Madame Julia Rechtman<\/p>\n\n\n\n<figure class=\"wp-block-image size-large\"><img loading=\"lazy\" width=\"683\" height=\"1024\" src=\"https:\/\/conferencedustage-aac.com\/wp-content\/uploads\/2025\/05\/DSC06617-Modifier-683x1024.jpg\" alt=\"\" class=\"wp-image-1557\" srcset=\"https:\/\/conferencedustage-aac.com\/wp-content\/uploads\/2025\/05\/DSC06617-Modifier-683x1024.jpg 683w, https:\/\/conferencedustage-aac.com\/wp-content\/uploads\/2025\/05\/DSC06617-Modifier-200x300.jpg 200w, https:\/\/conferencedustage-aac.com\/wp-content\/uploads\/2025\/05\/DSC06617-Modifier-768x1152.jpg 768w, https:\/\/conferencedustage-aac.com\/wp-content\/uploads\/2025\/05\/DSC06617-Modifier-1024x1536.jpg 1024w, https:\/\/conferencedustage-aac.com\/wp-content\/uploads\/2025\/05\/DSC06617-Modifier.jpg 1365w\" sizes=\"(max-width: 683px) 100vw, 683px\" \/><\/figure>\n\n\n\n<p><\/p>\n\n\n\n<p>\u2022 Monsieur Esteban Renaud<\/p>\n\n\n\n<figure class=\"wp-block-image size-large\"><img loading=\"lazy\" width=\"683\" height=\"1024\" src=\"https:\/\/conferencedustage-aac.com\/wp-content\/uploads\/2025\/05\/RENAUD-683x1024.jpg\" alt=\"\" class=\"wp-image-1552\" srcset=\"https:\/\/conferencedustage-aac.com\/wp-content\/uploads\/2025\/05\/RENAUD-683x1024.jpg 683w, https:\/\/conferencedustage-aac.com\/wp-content\/uploads\/2025\/05\/RENAUD-200x300.jpg 200w, https:\/\/conferencedustage-aac.com\/wp-content\/uploads\/2025\/05\/RENAUD-768x1152.jpg 768w, https:\/\/conferencedustage-aac.com\/wp-content\/uploads\/2025\/05\/RENAUD-1024x1536.jpg 1024w, https:\/\/conferencedustage-aac.com\/wp-content\/uploads\/2025\/05\/RENAUD.jpg 1365w\" sizes=\"(max-width: 683px) 100vw, 683px\" \/><\/figure>\n\n\n\n<p><\/p>\n\n\n\n<p><\/p>\n\n\n\n<p><strong>Le lundi 2 juin 2024 \u00e0 9 heures en Grand\u2019Chambre de la Cour de cassation<\/strong>, nos six finalistes se succ\u00e9deront pour r\u00e9pondre \u00e0 la question suivante :&nbsp;<\/p>\n\n\n\n<p><em>La cr\u00e9ance r\u00e9sultant de l&rsquo;aide et l&rsquo;assistance apport\u00e9es par un enfant \u00e0 ses parents qui exc\u00e8dent les exigences de la pi\u00e9t\u00e9 filiale est-elle imm\u00e9diatement exigible aupr\u00e8s de leurs b\u00e9n\u00e9ficiaires, en sorte que la prescription de l&rsquo;action qui tend \u00e0 son paiement peut courir du vivant de ces derniers ?<\/em><\/p>\n\n\n\n<p>Cass. 1re civ., 30 avril 2025, pourvoi n\u00b0 23-15.838<\/p>\n\n\n\n<p>Le jury sera compos\u00e9 des membres du Conseil de l\u2019ordre des avocats aux Conseils et des secr\u00e9taires de la Conf\u00e9rence du stage de la promotion 2024-2025, sous la pr\u00e9sidence de Thomas Lyon-Caen.<\/p>\n\n\n\n<p>\u00c0 l\u2019issue des d\u00e9lib\u00e9rations, quatre candidats seront nomm\u00e9s secr\u00e9taires de la Conf\u00e9rence du stage pour l\u2019ann\u00e9e 2025-2026.<\/p>\n\n\n\n<p><em>Venez nombreux pour les encourager !<\/em><\/p>\n\n\n\n<p><strong>Pour assister \u00e0 la finale,<\/strong>&nbsp;<a href=\"https:\/\/www.ordre-avocats-cassation.fr\/evenements\/2025\/finale-de-la-conference-du-stage-2024-2025\" target=\"_blank\" rel=\"noreferrer noopener\">l\u2019inscription est obligatoire<\/a>.&nbsp;<\/p>\n\n\n\n<p>Nous adressons enfin nos tr\u00e8s vifs remerciements \u00e0 tous les candidats du deuxi\u00e8me tour qui ont su pr\u00e9senter des discours de grande qualit\u00e9 \u00e0 l\u2019occasion d\u2019une journ\u00e9e tr\u00e8s disput\u00e9e.<\/p>\n\n\n\n<p><\/p>\n","protected":false},"excerpt":{"rendered":"<p>R\u00e9sultats du deuxi\u00e8me tour de la Conf\u00e9rence<\/p>\n","protected":false},"author":2,"featured_media":1551,"comment_status":"open","ping_status":"open","sticky":false,"template":"","format":"standard","meta":[],"categories":[7],"tags":[],"_links":{"self":[{"href":"https:\/\/conferencedustage-aac.com\/index.php\/wp-json\/wp\/v2\/posts\/1550"}],"collection":[{"href":"https:\/\/conferencedustage-aac.com\/index.php\/wp-json\/wp\/v2\/posts"}],"about":[{"href":"https:\/\/conferencedustage-aac.com\/index.php\/wp-json\/wp\/v2\/types\/post"}],"author":[{"embeddable":true,"href":"https:\/\/conferencedustage-aac.com\/index.php\/wp-json\/wp\/v2\/users\/2"}],"replies":[{"embeddable":true,"href":"https:\/\/conferencedustage-aac.com\/index.php\/wp-json\/wp\/v2\/comments?post=1550"}],"version-history":[{"count":3,"href":"https:\/\/conferencedustage-aac.com\/index.php\/wp-json\/wp\/v2\/posts\/1550\/revisions"}],"predecessor-version":[{"id":1575,"href":"https:\/\/conferencedustage-aac.com\/index.php\/wp-json\/wp\/v2\/posts\/1550\/revisions\/1575"}],"wp:featuredmedia":[{"embeddable":true,"href":"https:\/\/conferencedustage-aac.com\/index.php\/wp-json\/wp\/v2\/media\/1551"}],"wp:attachment":[{"href":"https:\/\/conferencedustage-aac.com\/index.php\/wp-json\/wp\/v2\/media?parent=1550"}],"wp:term":[{"taxonomy":"category","embeddable":true,"href":"https:\/\/conferencedustage-aac.com\/index.php\/wp-json\/wp\/v2\/categories?post=1550"},{"taxonomy":"post_tag","embeddable":true,"href":"https:\/\/conferencedustage-aac.com\/index.php\/wp-json\/wp\/v2\/tags?post=1550"}],"curies":[{"name":"wp","href":"https:\/\/api.w.org\/{rel}","templated":true}]}}