{"id":1601,"date":"2025-10-06T12:30:45","date_gmt":"2025-10-06T10:30:45","guid":{"rendered":"https:\/\/conferencedustage-aac.com\/?p=1601"},"modified":"2025-10-06T23:46:26","modified_gmt":"2025-10-06T21:46:26","slug":"rentree-de-la-conference-du-stage-2025-2026","status":"publish","type":"post","link":"https:\/\/conferencedustage-aac.com\/index.php\/2025\/10\/06\/rentree-de-la-conference-du-stage-2025-2026\/","title":{"rendered":"Rentr\u00e9e de la Conf\u00e9rence du stage 2025-2026"},"content":{"rendered":"\n<p>Pour sa 127\u00e8me rentr\u00e9e, la Conf\u00e9rence du stage des avocats au Conseil d&rsquo;\u00c9tat et \u00e0 la Cour de cassation est heureuse de vous convier \u00e0 ses deux s\u00e9ances introductives.<\/p>\n\n\n\n<p class=\"has-medium-font-size\"><strong>Quelles dates retenir ?<\/strong><\/p>\n\n\n\n<ul><li><strong>Le lundi 6 octobre 2025 \u00e0 18 heures<\/strong> : RDV \u00e0 la biblioth\u00e8que de l&rsquo;Ordre des avocats aux Conseils, o\u00f9 vous attendront les quatre secr\u00e9taires de la Conf\u00e9rence. Nous vous y d\u00e9livrerons des conseils m\u00e9thodologiques utiles \u00e0 la r\u00e9ussite de l&rsquo;exercice et expliquerons le d\u00e9roulement de la Conf\u00e9rence pour l&rsquo;ann\u00e9e qui s&rsquo;ouvre. C&rsquo;est \u00e9galement le moment o\u00f9 seront d\u00e9voil\u00e9s <a href=\"https:\/\/conferencedustage-aac.com\/wp-content\/uploads\/2025\/10\/Sujets-et-calendrier-du-premier-tour.pdf\">les seize sujets du premier tour<\/a>. <\/li><li><strong>Le lundi 13 octobre 2025<\/strong> : <strong>m\u00eame lieu, m\u00eame heure<\/strong>, mais \u00e7a sera d\u00e9sormais l&rsquo;heure du choix. Nous r\u00e9partirons les seize sujets et les positions (demandeur, d\u00e9fendeur, minist\u00e8re public) entre les diff\u00e9rents candidats. Les candidats pr\u00e9sents \u00e0 cette s\u00e9ance seront prioritaires sur le choix de leurs sujets. Il vous revient d&rsquo;anticiper une liste de plus de deux v\u0153ux (environ 5 ou 6), afin de nous permettre de r\u00e9partir au mieux les candidats sur l&rsquo;ensemble du premier tour.<\/li><\/ul>\n\n\n\n<p>La pr\u00e9sence de toute personne souhaitant s&rsquo;inscrire pour cette ann\u00e9e <strong>est tr\u00e8s vivement recommand\u00e9e<\/strong>.<\/p>\n\n\n\n<p class=\"has-medium-font-size\"><strong>Comment s&rsquo;inscrire ?<\/strong><\/p>\n\n\n\n<p>L&rsquo;inscription \u00e0 l&rsquo;une et\/ou l&rsquo;autre de ces deux s\u00e9ances introductives ne vaut pas inscription comme candidat \u00e0 la Conf\u00e9rence, qui ne sera valid\u00e9e que quand vous aurez remis le formulaire d&rsquo;inscription avec photo, sur lequel seront indiqu\u00e9s vos deux sujets. Vous pourrez nous le remettre d&rsquo;ici \u00e0 la fin du mois d&rsquo;octobre.<\/p>\n\n\n\n<p>Pour les deux s\u00e9ances de rentr\u00e9e, vous devez vous inscrire par email aupr\u00e8s de \u00ab\u00a0contact@ordre-avocats-cassation.fr\u00a0\u00bb au plus tard le jeudi pr\u00e9c\u00e9dant chacune des deux s\u00e9ances (cf. les instructions sur la page \u00ab\u00a0Inscription\u00a0\u00bb du sit<span class=\"has-inline-color has-black-color\">e. Pour la <\/span><font color=\"#000000\"><span style=\"caret-color: rgb(0, 0, 0);\">s\u00e9ance<\/span><\/font> du lundi 13 octobre, vous devez vous inscrire le jeudi 9 au plus tard.<\/p>\n\n\n\n<p class=\"has-medium-font-size\"><strong>Comment se rendre \u00e0 la biblioth\u00e8que ?<\/strong><\/p>\n\n\n\n<p>L&rsquo;acc\u00e8s s&rsquo;effectue par le 4, boulevard du Palais (entr\u00e9e public ou avocats). Veuillez consulter le <a href=\"https:\/\/conferencedustage-aac.com\/wp-content\/uploads\/2025\/10\/Circulation-palais-de-justice.pdf\">plan d&rsquo;acc\u00e8s <\/a>en suivant les itin\u00e9raires indiqu\u00e9s par les fl\u00e8ches bleues (attention, il y a plusieurs itin\u00e9raires possible, qui d\u00e9pendent des circulations autoris\u00e9es dans le Palais en fonction des proc\u00e8s en cours, mais il est toujours possible d&rsquo;acc\u00e9der au vestibule de la Cour de cassation). Pensez \u00e0 arriver suffisamment en avance pour anticiper les contr\u00f4les de s\u00e9curit\u00e9 et trouver l&#8217;emplacement de la biblioth\u00e8que de l&rsquo;Ordre. Une fois pass\u00e9 l&rsquo;escalier de la cour du Mai, vous devez rejoindre la galerie des prisonniers (soit directement en vous dirigeant vers la salle des pas perdus, soit en passant par la galerie Duc), o\u00f9 se situe l&rsquo;entr\u00e9e de la Cour de cassation. Une fois dans le vestibule de la Cour, un agent de l&rsquo;Ordre vous indiquera o\u00f9 passer (un escalier sur la gauche vous conduira aux locaux de l&rsquo;Ordre, o\u00f9 se situe la biblioth\u00e8que). <strong>En cas de retard, l&rsquo;agent de l&rsquo;Ordre ne vous attendra pas n\u00e9cessairement en bas de l&rsquo;escalier pour contr\u00f4ler votre inscription et vous ouvrir : veillez \u00e0 \u00eatre \u00e0 l&rsquo;heure.<\/strong><\/p>\n","protected":false},"excerpt":{"rendered":"<p>Pour sa 127\u00e8me rentr\u00e9e, la Conf\u00e9rence du stage des avocats au Conseil d&rsquo;\u00c9tat et \u00e0 la Cour de cassation est heureuse de vous convier \u00e0 ses deux s\u00e9ances introductives. Quelles dates retenir ? Le lundi 6 octobre 2025 \u00e0 18 heures : RDV \u00e0 la biblioth\u00e8que de l&rsquo;Ordre des avocats aux Conseils, o\u00f9 vous attendront &#8230; <a title=\"Rentr\u00e9e de la Conf\u00e9rence du stage 2025-2026\" class=\"read-more\" href=\"https:\/\/conferencedustage-aac.com\/index.php\/2025\/10\/06\/rentree-de-la-conference-du-stage-2025-2026\/\">Read more <span class=\"screen-reader-text\">Rentr\u00e9e de la Conf\u00e9rence du stage 2025-2026<\/span><\/a><\/p>\n","protected":false},"author":2,"featured_media":0,"comment_status":"open","ping_status":"open","sticky":false,"template":"","format":"standard","meta":[],"categories":[8],"tags":[],"_links":{"self":[{"href":"https:\/\/conferencedustage-aac.com\/index.php\/wp-json\/wp\/v2\/posts\/1601"}],"collection":[{"href":"https:\/\/conferencedustage-aac.com\/index.php\/wp-json\/wp\/v2\/posts"}],"about":[{"href":"https:\/\/conferencedustage-aac.com\/index.php\/wp-json\/wp\/v2\/types\/post"}],"author":[{"embeddable":true,"href":"https:\/\/conferencedustage-aac.com\/index.php\/wp-json\/wp\/v2\/users\/2"}],"replies":[{"embeddable":true,"href":"https:\/\/conferencedustage-aac.com\/index.php\/wp-json\/wp\/v2\/comments?post=1601"}],"version-history":[{"count":5,"href":"https:\/\/conferencedustage-aac.com\/index.php\/wp-json\/wp\/v2\/posts\/1601\/revisions"}],"predecessor-version":[{"id":1613,"href":"https:\/\/conferencedustage-aac.com\/index.php\/wp-json\/wp\/v2\/posts\/1601\/revisions\/1613"}],"wp:attachment":[{"href":"https:\/\/conferencedustage-aac.com\/index.php\/wp-json\/wp\/v2\/media?parent=1601"}],"wp:term":[{"taxonomy":"category","embeddable":true,"href":"https:\/\/conferencedustage-aac.com\/index.php\/wp-json\/wp\/v2\/categories?post=1601"},{"taxonomy":"post_tag","embeddable":true,"href":"https:\/\/conferencedustage-aac.com\/index.php\/wp-json\/wp\/v2\/tags?post=1601"}],"curies":[{"name":"wp","href":"https:\/\/api.w.org\/{rel}","templated":true}]}}