{"id":1638,"date":"2025-11-05T15:36:15","date_gmt":"2025-11-05T14:36:15","guid":{"rendered":"https:\/\/conferencedustage-aac.com\/?p=1638"},"modified":"2025-11-05T15:40:15","modified_gmt":"2025-11-05T14:40:15","slug":"premiere-seance-du-premier-tour-lundi-3-novembre-2025","status":"publish","type":"post","link":"https:\/\/conferencedustage-aac.com\/index.php\/2025\/11\/05\/premiere-seance-du-premier-tour-lundi-3-novembre-2025\/","title":{"rendered":"Premi\u00e8re s\u00e9ance du premier tour &#8211; lundi 3 novembre 2025"},"content":{"rendered":"\n<p>\u00ab\u00a0On ne m\u00e8ne pas la vache \/ \u00c0 la verdure rase et s\u00e8che \/ \u00c0 la verdure sans caresses \/ L\u2019herbe qui la re\u00e7oit \/ Doit \u00eatre douce comme un fil de soie \u00bb (Paul \u00c9luard, \u00ab\u00a0Vache I\u00a0\u00bb, in <em>Les animaux et leurs hommes, les hommes et leurs animaux<\/em>, 1920).<br><br>Le lundi 3 novembre 2025, la Conf\u00e9rence du stage des avocats au Conseil d\u2019\u00c9tat et \u00e0 la Cour de cassation s\u2019est r\u00e9unie sous la pr\u00e9sidence de M. Thomas Lyon-Caen, pr\u00e9sident de l\u2019Ordre des avocats au Conseil d&rsquo;\u00c9tat et \u00e0 la Cour de cassation, assist\u00e9 de Mme Julia Rechtman, M. Esteban Renaud, M. Stanislas Julien-Steffens et M. Ruben Izraelewicz, secr\u00e9taires.<br><br>La question \u00e0 d\u00e9battre \u00e9tait la suivante\u00a0:<br>\u00ab <strong>Le propri\u00e9taire d\u2019un cheptel qui maintient son p\u00e2turage sur des parcelles dont il sait qu\u2019elles sont pollu\u00e9es commet-il une faute de nature \u00e0 r\u00e9duire son indemnisation ?\u00a0<\/strong>\u00bb<br><br>M. Illan Ohayon et Mme Alice Zarka, respectivement premier demandeur et seconde demanderesse, se sont prononc\u00e9s par l\u2019affirmative.<br>M. Nathan Ginesti\u00e8re et M. Tarik Abbas, respectivement premier d\u00e9fendeur et second d\u00e9fendeur, se sont prononc\u00e9s par la n\u00e9gative.<br>M. Ronan Vallerie, premier minist\u00e8re public, s\u2019est prononc\u00e9 par l\u2019affirmative et M. Abraham Le Guen, second minist\u00e8re public, s\u2019est prononc\u00e9 par la n\u00e9gative.<br><br>La Conf\u00e9rence, apr\u00e8s le rapport de Mme Julia Rechtman, premi\u00e8re secr\u00e9taire, et avec la participation de M. Jean-Baptiste Forest, M. Pierre Heuz\u00e9, Mme C\u00e9line Gauthier-Maxence, M. Augustin de Cr\u00e9cy et et M. \u00c9mile Lansade, anciens secr\u00e9taires, s\u2019est prononc\u00e9e par la n\u00e9gative par 38 voix contre 12, d\u00e9sapprouvant ainsi la solution consacr\u00e9e par la troisi\u00e8me chambre civile de la Cour de cassation le 5 juin 2025 (pourvoi n\u00b0 23-23.775).<\/p>\n\n\n\n<p>Illustration : Isaac Cordal, \u00ab\u00a0Survivors\u00a0\u00bb, 2013.<\/p>\n","protected":false},"excerpt":{"rendered":"<p>\u00ab\u00a0On ne m\u00e8ne pas la vache \/ \u00c0 la verdure rase et s\u00e8che \/ \u00c0 la verdure sans caresses \/ L\u2019herbe qui la re\u00e7oit \/ Doit \u00eatre douce comme un fil de soie \u00bb (Paul \u00c9luard, \u00ab\u00a0Vache I\u00a0\u00bb, in Les animaux et leurs hommes, les hommes et leurs animaux, 1920). Le lundi 3 novembre 2025, &#8230; <a title=\"Premi\u00e8re s\u00e9ance du premier tour &#8211; lundi 3 novembre 2025\" class=\"read-more\" href=\"https:\/\/conferencedustage-aac.com\/index.php\/2025\/11\/05\/premiere-seance-du-premier-tour-lundi-3-novembre-2025\/\">Read more <span class=\"screen-reader-text\">Premi\u00e8re s\u00e9ance du premier tour &#8211; lundi 3 novembre 2025<\/span><\/a><\/p>\n","protected":false},"author":2,"featured_media":1642,"comment_status":"open","ping_status":"open","sticky":false,"template":"","format":"standard","meta":[],"categories":[8],"tags":[],"_links":{"self":[{"href":"https:\/\/conferencedustage-aac.com\/index.php\/wp-json\/wp\/v2\/posts\/1638"}],"collection":[{"href":"https:\/\/conferencedustage-aac.com\/index.php\/wp-json\/wp\/v2\/posts"}],"about":[{"href":"https:\/\/conferencedustage-aac.com\/index.php\/wp-json\/wp\/v2\/types\/post"}],"author":[{"embeddable":true,"href":"https:\/\/conferencedustage-aac.com\/index.php\/wp-json\/wp\/v2\/users\/2"}],"replies":[{"embeddable":true,"href":"https:\/\/conferencedustage-aac.com\/index.php\/wp-json\/wp\/v2\/comments?post=1638"}],"version-history":[{"count":3,"href":"https:\/\/conferencedustage-aac.com\/index.php\/wp-json\/wp\/v2\/posts\/1638\/revisions"}],"predecessor-version":[{"id":1643,"href":"https:\/\/conferencedustage-aac.com\/index.php\/wp-json\/wp\/v2\/posts\/1638\/revisions\/1643"}],"wp:featuredmedia":[{"embeddable":true,"href":"https:\/\/conferencedustage-aac.com\/index.php\/wp-json\/wp\/v2\/media\/1642"}],"wp:attachment":[{"href":"https:\/\/conferencedustage-aac.com\/index.php\/wp-json\/wp\/v2\/media?parent=1638"}],"wp:term":[{"taxonomy":"category","embeddable":true,"href":"https:\/\/conferencedustage-aac.com\/index.php\/wp-json\/wp\/v2\/categories?post=1638"},{"taxonomy":"post_tag","embeddable":true,"href":"https:\/\/conferencedustage-aac.com\/index.php\/wp-json\/wp\/v2\/tags?post=1638"}],"curies":[{"name":"wp","href":"https:\/\/api.w.org\/{rel}","templated":true}]}}