{"id":1645,"date":"2025-11-12T11:35:11","date_gmt":"2025-11-12T10:35:11","guid":{"rendered":"https:\/\/conferencedustage-aac.com\/?p=1645"},"modified":"2025-11-12T11:36:36","modified_gmt":"2025-11-12T10:36:36","slug":"deuxieme-seance-du-premier-tour-lundi-10-novembre-2025","status":"publish","type":"post","link":"https:\/\/conferencedustage-aac.com\/index.php\/2025\/11\/12\/deuxieme-seance-du-premier-tour-lundi-10-novembre-2025\/","title":{"rendered":"Deuxi\u00e8me s\u00e9ance du premier tour &#8211; lundi 10 novembre 2025"},"content":{"rendered":"\n<p>\u00ab\u00a0Je sais bien que vous \u00eates arr\u00eat\u00e9, mais ce n\u2019est pas comme on arr\u00eate les voleurs. Quand on est arr\u00eat\u00e9 comme un voleur, c\u2019est grave, tandis que votre arrestation \u2026 elle me fait l\u2019impression de quelque chose de savant &#8211; excusez-moi si je dis des b\u00eatises &#8211; elle me fait l\u2019impression de quelque chose de savant que je ne comprends pas, c\u2019est vrai, mais qu\u2019on n\u2019est pas non plus oblig\u00e9 de comprendre. \u00bb (Franz Kafka, <em>Le Proc\u00e8s<\/em>, 1925)<br><br>Le lundi 10 novembre 2025, la Conf\u00e9rence du stage des avocats au Conseil d\u2019\u00c9tat et \u00e0 la Cour de cassation s\u2019est r\u00e9unie sous la pr\u00e9sidence de M. Thomas Lyon-Caen, pr\u00e9sident de l&rsquo;Ordre des Avocats aux Conseils d&rsquo;\u00c9tat et \u00e0 la Cour de cassation, assist\u00e9 de Mme Julia Rechtman, M. Esteban Renaud, M. Stanislas Julien-Steffens et M. Ruben Izraelewicz, secr\u00e9taires.<br><br>La question \u00e0 d\u00e9battre \u00e9tait la suivante\u00a0:<br>\u00ab<strong>\u00a0L\u2019interpellation d\u2019un ressortissant \u00e9tranger, suspect\u00e9 d\u2019avoir commis une infraction, \u00e0 la suite de sa convocation \u00e0 la pr\u00e9fecture afin d\u2019\u00e9voquer sa situation administrative constitue-t-elle un stratag\u00e8me d\u00e9loyal portant atteinte aux droits de la personne interpell\u00e9e ?\u00a0<\/strong>\u00bb<br><br>Mme Kelly Vaz Semedo et M. Arnaud Fabre, respectivement premi\u00e8re\u00a0demanderesse et seconde demandeur, se sont prononc\u00e9s par l\u2019affirmative.<br>M. Diego Bouissou Sch\u00fcller et M. Charles Tsovilis, respectivement premier d\u00e9fendeur et second d\u00e9fendeur, se sont prononc\u00e9s par la n\u00e9gative.<br>M. Louis Karcenty, minist\u00e8re public, s\u2019est prononc\u00e9 par la n\u00e9gative.<br><br>La Conf\u00e9rence, apr\u00e8s le rapport de M. Esteban Renaud, deuxi\u00e8me secr\u00e9taire, s\u2019est prononc\u00e9e par l\u2019affirmative par 22 voix contre 16, d\u00e9sapprouvant ainsi la solution consacr\u00e9e par la Chambre criminelle de la Cour de cassation le 7 janvier 2025 (pourvoi n\u00b0 23-85.753).<br><br>Illustration : Michelangelo Merisi da Caravaggio, dit Le Caravage, <em>L&rsquo;Arrestation du Christ<\/em>, 1602.<\/p>\n","protected":false},"excerpt":{"rendered":"<p>\u00ab\u00a0Je sais bien que vous \u00eates arr\u00eat\u00e9, mais ce n\u2019est pas comme on arr\u00eate les voleurs. Quand on est arr\u00eat\u00e9 comme un voleur, c\u2019est grave, tandis que votre arrestation \u2026 elle me fait l\u2019impression de quelque chose de savant &#8211; excusez-moi si je dis des b\u00eatises &#8211; elle me fait l\u2019impression de quelque chose de &#8230; <a title=\"Deuxi\u00e8me s\u00e9ance du premier tour &#8211; lundi 10 novembre 2025\" class=\"read-more\" href=\"https:\/\/conferencedustage-aac.com\/index.php\/2025\/11\/12\/deuxieme-seance-du-premier-tour-lundi-10-novembre-2025\/\">Read more <span class=\"screen-reader-text\">Deuxi\u00e8me s\u00e9ance du premier tour &#8211; lundi 10 novembre 2025<\/span><\/a><\/p>\n","protected":false},"author":2,"featured_media":1647,"comment_status":"open","ping_status":"open","sticky":false,"template":"","format":"standard","meta":[],"categories":[8],"tags":[],"_links":{"self":[{"href":"https:\/\/conferencedustage-aac.com\/index.php\/wp-json\/wp\/v2\/posts\/1645"}],"collection":[{"href":"https:\/\/conferencedustage-aac.com\/index.php\/wp-json\/wp\/v2\/posts"}],"about":[{"href":"https:\/\/conferencedustage-aac.com\/index.php\/wp-json\/wp\/v2\/types\/post"}],"author":[{"embeddable":true,"href":"https:\/\/conferencedustage-aac.com\/index.php\/wp-json\/wp\/v2\/users\/2"}],"replies":[{"embeddable":true,"href":"https:\/\/conferencedustage-aac.com\/index.php\/wp-json\/wp\/v2\/comments?post=1645"}],"version-history":[{"count":3,"href":"https:\/\/conferencedustage-aac.com\/index.php\/wp-json\/wp\/v2\/posts\/1645\/revisions"}],"predecessor-version":[{"id":1650,"href":"https:\/\/conferencedustage-aac.com\/index.php\/wp-json\/wp\/v2\/posts\/1645\/revisions\/1650"}],"wp:featuredmedia":[{"embeddable":true,"href":"https:\/\/conferencedustage-aac.com\/index.php\/wp-json\/wp\/v2\/media\/1647"}],"wp:attachment":[{"href":"https:\/\/conferencedustage-aac.com\/index.php\/wp-json\/wp\/v2\/media?parent=1645"}],"wp:term":[{"taxonomy":"category","embeddable":true,"href":"https:\/\/conferencedustage-aac.com\/index.php\/wp-json\/wp\/v2\/categories?post=1645"},{"taxonomy":"post_tag","embeddable":true,"href":"https:\/\/conferencedustage-aac.com\/index.php\/wp-json\/wp\/v2\/tags?post=1645"}],"curies":[{"name":"wp","href":"https:\/\/api.w.org\/{rel}","templated":true}]}}