{"id":1651,"date":"2025-11-19T10:50:05","date_gmt":"2025-11-19T09:50:05","guid":{"rendered":"https:\/\/conferencedustage-aac.com\/?p=1651"},"modified":"2025-11-19T10:51:22","modified_gmt":"2025-11-19T09:51:22","slug":"troisieme-seance-du-premier-tour-lundi-17-novembre-2025","status":"publish","type":"post","link":"https:\/\/conferencedustage-aac.com\/index.php\/2025\/11\/19\/troisieme-seance-du-premier-tour-lundi-17-novembre-2025\/","title":{"rendered":"Troisi\u00e8me s\u00e9ance du premier tour &#8211; lundi 17 novembre 2025"},"content":{"rendered":"\n<p>\u00ab Une m\u00e9disance anonyme est peut-\u00eatre plus honteuse qu\u2019une calomnie sign\u00e9e.&nbsp;\u00bb (Victor Hugo,&nbsp;<em>Litt\u00e9rature et philosophie m\u00eal\u00e9es<\/em>, 1834)<\/p>\n\n\n\n<p>Le lundi 17 novembre 2025, la Conf\u00e9rence du stage des avocats au Conseil d\u2019\u00c9tat et \u00e0 la Cour de cassation s\u2019est r\u00e9unie sous la pr\u00e9sidence de M. Louis Bor\u00e9, ancien Pr\u00e9sident de l\u2019Ordre des Avocats au Conseil d&rsquo;\u00c9tat et \u00e0 la Cour de cassation, assist\u00e9 de Mme Julia Rechtman, M.\u00a0Esteban Renaud, M.\u00a0Stanislas Julien-Steffens et M. Ruben Izraelewicz, secr\u00e9taires.<\/p>\n\n\n\n<p>La question \u00e0 d\u00e9battre \u00e9tait la suivante&nbsp;:<\/p>\n\n\n\n<p>\u00ab&nbsp;<strong>Des t\u00e9moignages anonymes peuvent-ils constituer un mode de preuve recevable afin de justifier le licenciement pour faute grave d\u2019un salari\u00e9 <\/strong>?&nbsp;\u00bb<\/p>\n\n\n\n<p>M. Cl\u00e9ment Baillon, Mme Carmen Guintrand et Mme Rose-Marie Tourde, respectivement premier demandeur, deuxi\u00e8me demanderesse et troisi\u00e8me demanderesse, se sont prononc\u00e9s par l\u2019affirmative. M. James Goldnadel, Mme Aur\u00e9lie Lambert et M. Louis Flobert, respectivement premier d\u00e9fendeur, deuxi\u00e8me d\u00e9fenderesse et troisi\u00e8me d\u00e9fendeur, se sont prononc\u00e9s par la n\u00e9gative.                             M. Abdellatif Lahlou, M. Ronan Vallerie et M. Paul Llobet, respectivement premier minist\u00e8re public, deuxi\u00e8me minist\u00e8re public et troisi\u00e8me minist\u00e8re public, se sont prononc\u00e9s par l\u2019affirmative.<\/p>\n\n\n\n<p>La Conf\u00e9rence, apr\u00e8s le rapport de M. Stanislas Julien-Steffens, troisi\u00e8me secr\u00e9taire, et avec la participation de M. Fran\u00e7ois Pinatel, avocat aux Conseils et ancien secr\u00e9taire, s\u2019est prononc\u00e9e par l\u2019affirmative par 23 voix contre 11, approuvant ainsi la solution consacr\u00e9e par la Chambre sociale de la Cour de cassation le 19 mars 2025 (pourvoi n\u00b0&nbsp;23-19.154).<\/p>\n\n\n\n<p>Illustration : Ren\u00e9 Magritte,&nbsp;<em>La Valse h\u00e9sitation<\/em>, 1955<\/p>\n","protected":false},"excerpt":{"rendered":"<p>\u00ab Une m\u00e9disance anonyme est peut-\u00eatre plus honteuse qu\u2019une calomnie sign\u00e9e.&nbsp;\u00bb (Victor Hugo,&nbsp;Litt\u00e9rature et philosophie m\u00eal\u00e9es, 1834) Le lundi 17 novembre 2025, la Conf\u00e9rence du stage des avocats au Conseil d\u2019\u00c9tat et \u00e0 la Cour de cassation s\u2019est r\u00e9unie sous la pr\u00e9sidence de M. Louis Bor\u00e9, ancien Pr\u00e9sident de l\u2019Ordre des Avocats au Conseil d&rsquo;\u00c9tat &#8230; <a title=\"Troisi\u00e8me s\u00e9ance du premier tour &#8211; lundi 17 novembre 2025\" class=\"read-more\" href=\"https:\/\/conferencedustage-aac.com\/index.php\/2025\/11\/19\/troisieme-seance-du-premier-tour-lundi-17-novembre-2025\/\">Read more <span class=\"screen-reader-text\">Troisi\u00e8me s\u00e9ance du premier tour &#8211; lundi 17 novembre 2025<\/span><\/a><\/p>\n","protected":false},"author":2,"featured_media":1652,"comment_status":"open","ping_status":"open","sticky":false,"template":"","format":"standard","meta":[],"categories":[8],"tags":[],"_links":{"self":[{"href":"https:\/\/conferencedustage-aac.com\/index.php\/wp-json\/wp\/v2\/posts\/1651"}],"collection":[{"href":"https:\/\/conferencedustage-aac.com\/index.php\/wp-json\/wp\/v2\/posts"}],"about":[{"href":"https:\/\/conferencedustage-aac.com\/index.php\/wp-json\/wp\/v2\/types\/post"}],"author":[{"embeddable":true,"href":"https:\/\/conferencedustage-aac.com\/index.php\/wp-json\/wp\/v2\/users\/2"}],"replies":[{"embeddable":true,"href":"https:\/\/conferencedustage-aac.com\/index.php\/wp-json\/wp\/v2\/comments?post=1651"}],"version-history":[{"count":3,"href":"https:\/\/conferencedustage-aac.com\/index.php\/wp-json\/wp\/v2\/posts\/1651\/revisions"}],"predecessor-version":[{"id":1655,"href":"https:\/\/conferencedustage-aac.com\/index.php\/wp-json\/wp\/v2\/posts\/1651\/revisions\/1655"}],"wp:featuredmedia":[{"embeddable":true,"href":"https:\/\/conferencedustage-aac.com\/index.php\/wp-json\/wp\/v2\/media\/1652"}],"wp:attachment":[{"href":"https:\/\/conferencedustage-aac.com\/index.php\/wp-json\/wp\/v2\/media?parent=1651"}],"wp:term":[{"taxonomy":"category","embeddable":true,"href":"https:\/\/conferencedustage-aac.com\/index.php\/wp-json\/wp\/v2\/categories?post=1651"},{"taxonomy":"post_tag","embeddable":true,"href":"https:\/\/conferencedustage-aac.com\/index.php\/wp-json\/wp\/v2\/tags?post=1651"}],"curies":[{"name":"wp","href":"https:\/\/api.w.org\/{rel}","templated":true}]}}