{"id":1716,"date":"2026-03-13T00:40:04","date_gmt":"2026-03-12T23:40:04","guid":{"rendered":"https:\/\/conferencedustage-aac.com\/?p=1716"},"modified":"2026-03-13T00:40:05","modified_gmt":"2026-03-12T23:40:05","slug":"quatorzieme-seance-du-premier-tour-lundi-9-mars-2026","status":"publish","type":"post","link":"https:\/\/conferencedustage-aac.com\/index.php\/2026\/03\/13\/quatorzieme-seance-du-premier-tour-lundi-9-mars-2026\/","title":{"rendered":"Quatorzi\u00e8me s\u00e9ance du premier tour &#8211; lundi 9 mars 2026"},"content":{"rendered":"\n<p>\u00ab<em>\u00a0Ne pas vouloir para\u00eetre responsable, c\u2019est fuir ses responsabilit\u00e9s !\u00a0<\/em>\u00bb (Charles de Gaulle, cit\u00e9 par Alain Peyrefitte, <em>C\u2019\u00e9tait de Gaulle<\/em>, t. III, 2000)<\/p>\n\n\n\n<p>Le lundi 9 mars 2026, la Conf\u00e9rence du stage des avocats au Conseil d\u2019\u00c9tat et \u00e0 la Cour de cassation s\u2019est r\u00e9unie en pr\u00e9sence de Monsieur Laurent Domingo, ma\u00eetre des requ\u00eates au Conseil d&rsquo;\u00c9tat, directeur des affaires juridiques de la ville de Paris et invit\u00e9 d&rsquo;honneur, et sous la pr\u00e9sidence de M. Thomas Lyon-Caen, Pr\u00e9sident de l\u2019Ordre des Avocats au Conseil d\u2019\u00c9tat et \u00e0 la Cour de cassation, assist\u00e9 de Mme Julia Rechtman, M. Esteban Renaud, M. Stanislas Julien-Steffens et M. Ruben Izraelewicz, secr\u00e9taires.<\/p>\n\n\n\n<p>La question \u00e0 d\u00e9battre \u00e9tait la suivante\u00a0:<br>\u00ab<strong><em>\u00a0La responsabilit\u00e9 sans faute de l\u2019\u00c9tat est-elle susceptible d\u2019\u00eatre engag\u00e9e devant le juge administratif du fait d\u2019actes non d\u00e9tachables de la conduite des relations internationales de la France ?<\/em><\/strong>\u00a0\u00bb<\/p>\n\n\n\n<p>M. Louis Flobert et M. Beno\u00eet Montay, respectivement premier et second demandeur, se sont prononc\u00e9s par l\u2019affirmative.<br>M. Wilfried Andr\u00e9 et M. Nathan Picaudot, respectivement premier et second d\u00e9fendeur, se sont prononc\u00e9s par la n\u00e9gative.<br>M. James Goldnadel, premier minist\u00e8re public, s\u2019est prononc\u00e9 par l\u2019affirmative, tandis que M. Julien Nava, second minist\u00e8re public, s\u2019est prononc\u00e9 par la n\u00e9gative.<br><br>La Conf\u00e9rence, apr\u00e8s le rapport de M. Esteban Renaud, deuxi\u00e8me secr\u00e9taire, et en pr\u00e9sence de M. R\u00e9gis Froger, ancien secr\u00e9taire et Pr\u00e9sident d\u00e9sign\u00e9 de l&rsquo;Ordre des Avocats au Conseil d&rsquo;\u00c9tat et \u00e0 la Cour de cassation, s\u2019est prononc\u00e9e par l\u2019affirmative par 23 voix contre 7, approuvant ainsi la solution consacr\u00e9e par le Conseil d\u2019\u00c9tat le 24 octobre 2024 (pourvoi n\u00b0 465144).<\/p>\n\n\n\n<p><br><span style=\"text-decoration: underline;\">Illustration<\/span> : Hans Holbein le Jeune, <em>Les Ambassadeurs<\/em>, 1533.<\/p>\n","protected":false},"excerpt":{"rendered":"<p>\u00ab\u00a0Ne pas vouloir para\u00eetre responsable, c\u2019est fuir ses responsabilit\u00e9s !\u00a0\u00bb (Charles de Gaulle, cit\u00e9 par Alain Peyrefitte, C\u2019\u00e9tait de Gaulle, t. III, 2000) Le lundi 9 mars 2026, la Conf\u00e9rence du stage des avocats au Conseil d\u2019\u00c9tat et \u00e0 la Cour de cassation s\u2019est r\u00e9unie en pr\u00e9sence de Monsieur Laurent Domingo, ma\u00eetre des requ\u00eates au &#8230; <a title=\"Quatorzi\u00e8me s\u00e9ance du premier tour &#8211; lundi 9 mars 2026\" class=\"read-more\" href=\"https:\/\/conferencedustage-aac.com\/index.php\/2026\/03\/13\/quatorzieme-seance-du-premier-tour-lundi-9-mars-2026\/\">Read more <span class=\"screen-reader-text\">Quatorzi\u00e8me s\u00e9ance du premier tour &#8211; lundi 9 mars 2026<\/span><\/a><\/p>\n","protected":false},"author":2,"featured_media":1718,"comment_status":"open","ping_status":"open","sticky":false,"template":"","format":"standard","meta":[],"categories":[8],"tags":[],"_links":{"self":[{"href":"https:\/\/conferencedustage-aac.com\/index.php\/wp-json\/wp\/v2\/posts\/1716"}],"collection":[{"href":"https:\/\/conferencedustage-aac.com\/index.php\/wp-json\/wp\/v2\/posts"}],"about":[{"href":"https:\/\/conferencedustage-aac.com\/index.php\/wp-json\/wp\/v2\/types\/post"}],"author":[{"embeddable":true,"href":"https:\/\/conferencedustage-aac.com\/index.php\/wp-json\/wp\/v2\/users\/2"}],"replies":[{"embeddable":true,"href":"https:\/\/conferencedustage-aac.com\/index.php\/wp-json\/wp\/v2\/comments?post=1716"}],"version-history":[{"count":2,"href":"https:\/\/conferencedustage-aac.com\/index.php\/wp-json\/wp\/v2\/posts\/1716\/revisions"}],"predecessor-version":[{"id":1719,"href":"https:\/\/conferencedustage-aac.com\/index.php\/wp-json\/wp\/v2\/posts\/1716\/revisions\/1719"}],"wp:featuredmedia":[{"embeddable":true,"href":"https:\/\/conferencedustage-aac.com\/index.php\/wp-json\/wp\/v2\/media\/1718"}],"wp:attachment":[{"href":"https:\/\/conferencedustage-aac.com\/index.php\/wp-json\/wp\/v2\/media?parent=1716"}],"wp:term":[{"taxonomy":"category","embeddable":true,"href":"https:\/\/conferencedustage-aac.com\/index.php\/wp-json\/wp\/v2\/categories?post=1716"},{"taxonomy":"post_tag","embeddable":true,"href":"https:\/\/conferencedustage-aac.com\/index.php\/wp-json\/wp\/v2\/tags?post=1716"}],"curies":[{"name":"wp","href":"https:\/\/api.w.org\/{rel}","templated":true}]}}