{"id":25,"date":"2012-03-20T17:14:21","date_gmt":"2012-03-20T16:14:21","guid":{"rendered":"http:\/\/conferencedustage-aac.com\/?p=25"},"modified":"2020-10-11T00:43:16","modified_gmt":"2020-10-10T22:43:16","slug":"jean-paul-costa-invite-de-la-13eme-seance-de-la-conference-lundi-26-mars","status":"publish","type":"post","link":"https:\/\/conferencedustage-aac.com\/index.php\/2012\/03\/20\/jean-paul-costa-invite-de-la-13eme-seance-de-la-conference-lundi-26-mars\/","title":{"rendered":"Jean-Paul Costa, invit\u00e9 de la 13\u00e8me s\u00e9ance de la Conf\u00e9rence &#8211; Lundi 26 mars"},"content":{"rendered":"\n<p>La 13\u00e8me s\u00e9ance de la Conf\u00e9rence du stage se tiendra le lundi 26 mars 2012 \u00e0 18h, \u00e0 la&nbsp;<strong>biblioth\u00e8que de l&rsquo;Ordre des avocats&nbsp;aux Conseils<\/strong>&nbsp;au 4, boulevard du Palais (<strong>entr\u00e9e par la&nbsp;Cour de cassation&nbsp;galerie Lamoignon)<\/strong>.<\/p>\n\n\n\n<p>Nous aurons l&rsquo;honneur de recevoir&nbsp;<strong>M. Jean-Paul Costa, ancien Pr\u00e9sident de la Cour europ\u00e9enne des droits de l&rsquo;homme<\/strong>&nbsp;et Conseiller d&rsquo;Etat honoraire.<\/p>\n\n\n\n<p>La question trait\u00e9e sera la suivante :<\/p>\n\n\n\n<p><em>La Convention europ\u00e9enne s&rsquo;oppose-t-elle \u00e0 la condamnation pour meurtre d\u2019une&nbsp;ancienne procureure qui a contribu\u00e9 \u00e0 donner une apparence de l\u00e9galit\u00e9 au proc\u00e8s ayant conduit \u00e0 l&rsquo;ex\u00e9cution d\u2019opposants politiques au r\u00e9gime en place ?<\/em><\/p>\n\n\n\n<figure class=\"wp-block-image\"><img src=\"http:\/\/web.archive.org\/web\/20120901014925im_\/http:\/\/g.virbcdn.com\/_f\/files\/resize_1024x1365\/f0\/FileItem-235836-Costa.jpg\" alt=\"L\u2019attribut alt de cette image est vide, son nom de fichier est FileItem-235836-Costa.jpg.\"\/><\/figure>\n\n\n\n<p>Cette question repose sur&nbsp;<strong><a rel=\"noreferrer noopener\" href=\"http:\/\/web.archive.org\/web\/20120901014925\/http:\/\/g.virbcdn.com\/_f\/files\/80\/FileItem-235845-Polednova.pdf\" target=\"_blank\">un arr\u00eat de la Cour europ\u00e9enne des droits de l&rsquo;homme en date du 21 juin 2011,&nbsp;<em>Polednov\u00e0 contre R\u00e9publique Tch\u00e8que<\/em><\/a>,<\/strong>&nbsp;n\u00b02615\/10.<\/p>\n\n\n\n<p><strong>Micha\u00ebl Bendavid<\/strong>, premier secr\u00e9taire, \u00e9tablira le rapport.<\/p>\n\n\n\n<p><strong>La s\u00e9ance est ouverte \u00e0 tout public sans restriction, avocat ou non<\/strong>, mais l&rsquo;entr\u00e9e est de l&rsquo;Ordre des avocats&nbsp;aux Conseils&nbsp;est ferm\u00e9e \u00e0&nbsp;18h tr\u00e8s exactement. Pour acc\u00e9der au Palais par l&rsquo;entr\u00e9e des professionnels (4, boulevard du Palais) merci d&rsquo;\u00e9crire un email \u00e0 l&rsquo;adresse suivante : contact [at] ordre-avocats-cassation.fr.<br><\/p>\n","protected":false},"excerpt":{"rendered":"<p>La 13\u00e8me s\u00e9ance de la Conf\u00e9rence du stage se tiendra le lundi 26 mars 2012 \u00e0 18h, \u00e0 la&nbsp;biblioth\u00e8que de l&rsquo;Ordre des avocats&nbsp;aux Conseils&nbsp;au 4, boulevard du Palais (entr\u00e9e par la&nbsp;Cour de cassation&nbsp;galerie Lamoignon). Nous aurons l&rsquo;honneur de recevoir&nbsp;M. Jean-Paul Costa, ancien Pr\u00e9sident de la Cour europ\u00e9enne des droits de l&rsquo;homme&nbsp;et Conseiller d&rsquo;Etat honoraire. La &#8230; <a title=\"Jean-Paul Costa, invit\u00e9 de la 13\u00e8me s\u00e9ance de la Conf\u00e9rence &#8211; Lundi 26 mars\" class=\"read-more\" href=\"https:\/\/conferencedustage-aac.com\/index.php\/2012\/03\/20\/jean-paul-costa-invite-de-la-13eme-seance-de-la-conference-lundi-26-mars\/\">Read more <span class=\"screen-reader-text\">Jean-Paul Costa, invit\u00e9 de la 13\u00e8me s\u00e9ance de la Conf\u00e9rence &#8211; Lundi 26 mars<\/span><\/a><\/p>\n","protected":false},"author":1,"featured_media":201,"comment_status":"closed","ping_status":"closed","sticky":false,"template":"","format":"standard","meta":[],"categories":[1],"tags":[],"_links":{"self":[{"href":"https:\/\/conferencedustage-aac.com\/index.php\/wp-json\/wp\/v2\/posts\/25"}],"collection":[{"href":"https:\/\/conferencedustage-aac.com\/index.php\/wp-json\/wp\/v2\/posts"}],"about":[{"href":"https:\/\/conferencedustage-aac.com\/index.php\/wp-json\/wp\/v2\/types\/post"}],"author":[{"embeddable":true,"href":"https:\/\/conferencedustage-aac.com\/index.php\/wp-json\/wp\/v2\/users\/1"}],"replies":[{"embeddable":true,"href":"https:\/\/conferencedustage-aac.com\/index.php\/wp-json\/wp\/v2\/comments?post=25"}],"version-history":[{"count":1,"href":"https:\/\/conferencedustage-aac.com\/index.php\/wp-json\/wp\/v2\/posts\/25\/revisions"}],"predecessor-version":[{"id":35,"href":"https:\/\/conferencedustage-aac.com\/index.php\/wp-json\/wp\/v2\/posts\/25\/revisions\/35"}],"wp:featuredmedia":[{"embeddable":true,"href":"https:\/\/conferencedustage-aac.com\/index.php\/wp-json\/wp\/v2\/media\/201"}],"wp:attachment":[{"href":"https:\/\/conferencedustage-aac.com\/index.php\/wp-json\/wp\/v2\/media?parent=25"}],"wp:term":[{"taxonomy":"category","embeddable":true,"href":"https:\/\/conferencedustage-aac.com\/index.php\/wp-json\/wp\/v2\/categories?post=25"},{"taxonomy":"post_tag","embeddable":true,"href":"https:\/\/conferencedustage-aac.com\/index.php\/wp-json\/wp\/v2\/tags?post=25"}],"curies":[{"name":"wp","href":"https:\/\/api.w.org\/{rel}","templated":true}]}}